{"id":1663,"date":"2025-10-23T06:18:49","date_gmt":"2025-10-23T06:18:49","guid":{"rendered":"http:\/\/jenni.brichzin.de\/?p=1663"},"modified":"2025-10-23T06:19:41","modified_gmt":"2025-10-23T06:19:41","slug":"die-demokratie-der-soziologie","status":"publish","type":"post","link":"http:\/\/jenni.brichzin.de\/en\/die-demokratie-der-soziologie\/","title":{"rendered":"Die Demokratie der Soziologie"},"content":{"rendered":"\n<p>erschienen in Soziologie 54 (4), S. 413-118<\/p>\n\n\n\n<p>Die Soziologie hat ein Demokratieproblem: Zunehmend autorit\u00e4re Tendenzen machen die gesellschaftliche Bedeutung demokratischer Ordnung deutlich, doch der Disziplin fehlen die theoretischen Mittel, um diese Bedeutung ad\u00e4quat zu erfassen. Die gesellschaftstheoretische Sprachlosigkeit der Soziologie gegen\u00fcber der Demokratie f\u00fchrt auch, so die zentrale These dieses Essays, zu einer problematischen Sozialvergessenheit der Demokratietheorie \u2013 einer fehlenden Fundierung g\u00e4ngiger Demokratieverst\u00e4ndnisse in sozialen und gesellschaftlichen Prozessen. In Anschluss an Dewey, Popper, Arendt und andere wird vorgeschlagen, Demo-kratie nicht prim\u00e4r entlang der normativen Idee der Selbstregierung oder als Set tradierter politischer Institutionen (von Wahlsystemen \u00fcber Parlamente bis zum Rechtsstaat) zu ver-stehen \u2013 sondern als spezifische Gesellschaftsformation: als Formation, die ihre eigene Of-fenheit f\u00fcr sozialen Wandel auf Dauer stellt, indem sie gegen gesellschaftliche Prozesse der Verfestigung, Verkrustung und Essentialisierung anarbeitet. Diese Interpretation wird durch einen Blick in die Geschichte der Demokratisierung gest\u00fctzt, die sich als Geschichte der Institutionalisierung von Mechanismen zur Pr\u00e4vention sozialer Schlie\u00dfung begreifen l\u00e4sst. Gesellschaftstheoretisch kann man so von Demokratie als Emergenzph\u00e4nomen sprechen: als Resultat des Zusammenspiels derartiger Pr\u00e4ventionsmechanismen (bzw. ihrer funktionalen \u00c4quivalente) in verschiedenen gesellschaftlichen Ordnungsdimensionen.<\/p>\n\n\n\n<p><a href=\"http:\/\/jenni.brichzin.de\/wp-content\/uploads\/2025\/10\/2_IuI_Brichzin_Demokratie_RedSoz_final.pdf\">Hier<\/a> zum Volltext. <\/p>\n","protected":false},"excerpt":{"rendered":"<p>erschienen in Soziologie 54 (4), S. 413-118 Die Soziologie hat ein Demokratieproblem: Zunehmend autorit\u00e4re Tendenzen machen die gesellschaftliche Bedeutung demokratischer Ordnung deutlich, doch der Disziplin fehlen die theoretischen Mittel, um diese Bedeutung ad\u00e4quat zu erfassen. Die gesellschaftstheoretische Sprachlosigkeit der Soziologie gegen\u00fcber der Demokratie f\u00fchrt auch, so die zentrale These dieses Essays, zu einer problematischen Sozialvergessenheit [&hellip;]<\/p>\n","protected":false},"author":1,"featured_media":0,"comment_status":"open","ping_status":"open","sticky":false,"template":"","format":"standard","meta":{"_jetpack_memberships_contains_paid_content":false,"footnotes":""},"categories":[2],"tags":[69,45,43],"jetpack_featured_media_url":"","jetpack_sharing_enabled":true,"jetpack_shortlink":"https:\/\/wp.me\/p7Eelv-qP","_links":{"self":[{"href":"http:\/\/jenni.brichzin.de\/en\/wp-json\/wp\/v2\/posts\/1663"}],"collection":[{"href":"http:\/\/jenni.brichzin.de\/en\/wp-json\/wp\/v2\/posts"}],"about":[{"href":"http:\/\/jenni.brichzin.de\/en\/wp-json\/wp\/v2\/types\/post"}],"author":[{"embeddable":true,"href":"http:\/\/jenni.brichzin.de\/en\/wp-json\/wp\/v2\/users\/1"}],"replies":[{"embeddable":true,"href":"http:\/\/jenni.brichzin.de\/en\/wp-json\/wp\/v2\/comments?post=1663"}],"version-history":[{"count":1,"href":"http:\/\/jenni.brichzin.de\/en\/wp-json\/wp\/v2\/posts\/1663\/revisions"}],"predecessor-version":[{"id":1665,"href":"http:\/\/jenni.brichzin.de\/en\/wp-json\/wp\/v2\/posts\/1663\/revisions\/1665"}],"wp:attachment":[{"href":"http:\/\/jenni.brichzin.de\/en\/wp-json\/wp\/v2\/media?parent=1663"}],"wp:term":[{"taxonomy":"category","embeddable":true,"href":"http:\/\/jenni.brichzin.de\/en\/wp-json\/wp\/v2\/categories?post=1663"},{"taxonomy":"post_tag","embeddable":true,"href":"http:\/\/jenni.brichzin.de\/en\/wp-json\/wp\/v2\/tags?post=1663"}],"curies":[{"name":"wp","href":"https:\/\/api.w.org\/{rel}","templated":true}]}}