{"id":1703,"date":"2026-03-16T09:05:54","date_gmt":"2026-03-16T09:05:54","guid":{"rendered":"http:\/\/jenni.brichzin.de\/?p=1703"},"modified":"2026-03-16T09:24:40","modified_gmt":"2026-03-16T09:24:40","slug":"frisch-erschienen-sonderband-zu-begriffen","status":"publish","type":"post","link":"http:\/\/jenni.brichzin.de\/en\/frisch-erschienen-sonderband-zu-begriffen\/","title":{"rendered":"Frisch erschienen: Sonderband zu Begriffen"},"content":{"rendered":"\n<p>Nachdem alle Beteiligten wirklich viel Zeit und Arbeit investiert haben ist es endlich so weit, der neue Sonderband der Sozialen Welt ist da! Es war interessant und lehrreich, sich gemeinsam mit Fabian Anicker und Thomas Kern so intensiv mit diesem metatheoretischen Grundlagenthema auseinanderzusetzen &#8211; der Band l\u00e4sst sich auch als Pl\u00e4doyer daf\u00fcr lesen, sich wieder mehr in ernsthafte metatheoretische Auseinandersetzungen zu st\u00fcrzen. Die Beitr\u00e4ge n\u00e4hern sich dem Thema aus unterschiedlichen, manchmal auch \u00fcberraschenden Richtungen &#8211; lesenswert vor allem f\u00fcr diejenigen, die mit Stellung und Bedeutung von Begriffen im soziologischen Forschungsprozess ringen und entsprechend Reflexion f\u00fcr n\u00f6tig halten. Zu diesem Band beigetragen haben: Fabian Anicker, Elena Beregow, Jenni Brichzin, Lena M. Friedrich, Thomas Kern, Sascha M\u00fcnnich, Karl-Dieter Opp, Kurt Rachlitz, Tilman Reitz, Wolfgang Ludwig Schneider, Thomas Schwinn, Janna Vogl. In Zukunft wird sich sicherlich noch die eine oder andere Diskussion anschlie\u00dfen, die Vorraussetzungen daf\u00fcr sind jedenfalls g\u00fcnstig: Der Band ist <a href=\"https:\/\/www.nomos-shop.de\/en\/p\/begriffe-als-werkzeuge-der-soziologie-gr-978-3-7560-3378-2\">hier<\/a> open access verf\u00fcgbar.<\/p>\n\n\n\n<figure class=\"wp-block-image size-full\"><a href=\"https:\/\/i0.wp.com\/jenni.brichzin.de\/wp-content\/uploads\/2026\/03\/Sonderband.jpg\"><img loading=\"lazy\" decoding=\"async\" width=\"768\" height=\"634\" data-attachment-id=\"1704\" data-permalink=\"http:\/\/jenni.brichzin.de\/en\/frisch-erschienen-sonderband-zu-begriffen\/sonderband\/\" data-orig-file=\"https:\/\/i0.wp.com\/jenni.brichzin.de\/wp-content\/uploads\/2026\/03\/Sonderband.jpg?fit=895%2C739\" data-orig-size=\"895,739\" data-comments-opened=\"1\" data-image-meta=\"{&quot;aperture&quot;:&quot;0&quot;,&quot;credit&quot;:&quot;&quot;,&quot;camera&quot;:&quot;&quot;,&quot;caption&quot;:&quot;&quot;,&quot;created_timestamp&quot;:&quot;0&quot;,&quot;copyright&quot;:&quot;&quot;,&quot;focal_length&quot;:&quot;0&quot;,&quot;iso&quot;:&quot;0&quot;,&quot;shutter_speed&quot;:&quot;0&quot;,&quot;title&quot;:&quot;&quot;,&quot;orientation&quot;:&quot;0&quot;}\" data-image-title=\"Sonderband\" data-image-description=\"\" data-image-caption=\"\" data-medium-file=\"https:\/\/i0.wp.com\/jenni.brichzin.de\/wp-content\/uploads\/2026\/03\/Sonderband.jpg?fit=300%2C248\" data-large-file=\"https:\/\/i0.wp.com\/jenni.brichzin.de\/wp-content\/uploads\/2026\/03\/Sonderband.jpg?fit=768%2C634\" src=\"https:\/\/i0.wp.com\/jenni.brichzin.de\/wp-content\/uploads\/2026\/03\/Sonderband.jpg?resize=768%2C634\" alt=\"\" class=\"wp-image-1704\" srcset=\"https:\/\/i0.wp.com\/jenni.brichzin.de\/wp-content\/uploads\/2026\/03\/Sonderband.jpg?w=895 895w, https:\/\/i0.wp.com\/jenni.brichzin.de\/wp-content\/uploads\/2026\/03\/Sonderband.jpg?resize=300%2C248 300w, https:\/\/i0.wp.com\/jenni.brichzin.de\/wp-content\/uploads\/2026\/03\/Sonderband.jpg?resize=768%2C634 768w\" sizes=\"(max-width: 768px) 100vw, 768px\" data-recalc-dims=\"1\" \/><\/a><\/figure>\n","protected":false},"excerpt":{"rendered":"<p>Nachdem alle Beteiligten wirklich viel Zeit und Arbeit investiert haben ist es endlich so weit, der neue Sonderband der Sozialen Welt ist da! Es war interessant und lehrreich, sich gemeinsam mit Fabian Anicker und Thomas Kern so intensiv mit diesem metatheoretischen Grundlagenthema auseinanderzusetzen &#8211; der Band l\u00e4sst sich auch als Pl\u00e4doyer daf\u00fcr lesen, sich wieder [&hellip;]<\/p>\n","protected":false},"author":1,"featured_media":0,"comment_status":"open","ping_status":"open","sticky":false,"template":"","format":"standard","meta":{"_jetpack_memberships_contains_paid_content":false,"footnotes":""},"categories":[2],"tags":[77,75],"jetpack_featured_media_url":"","jetpack_sharing_enabled":true,"jetpack_shortlink":"https:\/\/wp.me\/p7Eelv-rt","_links":{"self":[{"href":"http:\/\/jenni.brichzin.de\/en\/wp-json\/wp\/v2\/posts\/1703"}],"collection":[{"href":"http:\/\/jenni.brichzin.de\/en\/wp-json\/wp\/v2\/posts"}],"about":[{"href":"http:\/\/jenni.brichzin.de\/en\/wp-json\/wp\/v2\/types\/post"}],"author":[{"embeddable":true,"href":"http:\/\/jenni.brichzin.de\/en\/wp-json\/wp\/v2\/users\/1"}],"replies":[{"embeddable":true,"href":"http:\/\/jenni.brichzin.de\/en\/wp-json\/wp\/v2\/comments?post=1703"}],"version-history":[{"count":3,"href":"http:\/\/jenni.brichzin.de\/en\/wp-json\/wp\/v2\/posts\/1703\/revisions"}],"predecessor-version":[{"id":1709,"href":"http:\/\/jenni.brichzin.de\/en\/wp-json\/wp\/v2\/posts\/1703\/revisions\/1709"}],"wp:attachment":[{"href":"http:\/\/jenni.brichzin.de\/en\/wp-json\/wp\/v2\/media?parent=1703"}],"wp:term":[{"taxonomy":"category","embeddable":true,"href":"http:\/\/jenni.brichzin.de\/en\/wp-json\/wp\/v2\/categories?post=1703"},{"taxonomy":"post_tag","embeddable":true,"href":"http:\/\/jenni.brichzin.de\/en\/wp-json\/wp\/v2\/tags?post=1703"}],"curies":[{"name":"wp","href":"https:\/\/api.w.org\/{rel}","templated":true}]}}