{"id":259,"date":"2015-12-26T21:36:38","date_gmt":"2015-12-26T21:36:38","guid":{"rendered":"http:\/\/jenni.brichzin.de\/?p=259"},"modified":"2023-01-28T15:54:52","modified_gmt":"2023-01-28T15:54:52","slug":"259-2","status":"publish","type":"post","link":"http:\/\/jenni.brichzin.de\/en\/259-2\/","title":{"rendered":""},"content":{"rendered":"<p><\/p>\n<h6 style=\"text-align: justify;\">Im Sog des Politischen &#8211; die Bindung zwischen dem politischen Feld und seinen Akteuren am Beispiel der B\u00fcrgermeisterInnen<\/h6>\n<p style=\"text-align: justify;\"><em>Lehrprojekt<\/em><br \/>\n<em> 2013-2016<\/em><br \/>\nWie gelangen Akteure in gesellschaftliche Felder, aber vor allem: Warum bleiben sie dort? Diese Frage stellt sich insbesondere f\u00fcr das politische Feld, von dem die praxistheoretische Forschung ein \u00e4u\u00dferst unattraktives Bild zeichnet: Zur so typischen inhaltlichen und zeitlichen \u00dcberfrachtung der politischen Akteure kommt noch normative \u00dcberforderung, Unvereinbarkeit mit dem Privatleben sowie hohe Konfliktpr\u00e4valenz. Nicht umsonst fragt Ruth Wodak: &#8220;Why would rational and educated people apply for such a job?&#8221; In diesem Lehrforschungsprojekt gehen wir jener Frage nach, indem wir Interviews auswerten, die wir mit B\u00fcrgermeisterInnen &#8211; der wohl gr\u00f6\u00dften Gruppen professioneller politischer Akteure &#8211; gef\u00fchrt haben. Wir erhoffen uns davon nicht nur Aufkl\u00e4rung in Bezug auf die spezifischen Bindungsbedingungen des politischen Feldes, sondern auf theoretischer Ebene auch Einsichten zum soziologisch so zentralen Verh\u00e4ltnis von Struktur und Akteur.<\/p>\n<p><\/p>","protected":false},"excerpt":{"rendered":"<p>Sorry, this entry is only available in Deutsch.<\/p>\n","protected":false},"author":1,"featured_media":0,"comment_status":"open","ping_status":"open","sticky":false,"template":"","format":"standard","meta":{"_jetpack_memberships_contains_paid_content":false,"footnotes":""},"categories":[2],"tags":[34,33,35,12],"jetpack_featured_media_url":"","jetpack_sharing_enabled":true,"jetpack_shortlink":"https:\/\/wp.me\/p7Eelv-4b","_links":{"self":[{"href":"http:\/\/jenni.brichzin.de\/en\/wp-json\/wp\/v2\/posts\/259"}],"collection":[{"href":"http:\/\/jenni.brichzin.de\/en\/wp-json\/wp\/v2\/posts"}],"about":[{"href":"http:\/\/jenni.brichzin.de\/en\/wp-json\/wp\/v2\/types\/post"}],"author":[{"embeddable":true,"href":"http:\/\/jenni.brichzin.de\/en\/wp-json\/wp\/v2\/users\/1"}],"replies":[{"embeddable":true,"href":"http:\/\/jenni.brichzin.de\/en\/wp-json\/wp\/v2\/comments?post=259"}],"version-history":[{"count":7,"href":"http:\/\/jenni.brichzin.de\/en\/wp-json\/wp\/v2\/posts\/259\/revisions"}],"predecessor-version":[{"id":1392,"href":"http:\/\/jenni.brichzin.de\/en\/wp-json\/wp\/v2\/posts\/259\/revisions\/1392"}],"wp:attachment":[{"href":"http:\/\/jenni.brichzin.de\/en\/wp-json\/wp\/v2\/media?parent=259"}],"wp:term":[{"taxonomy":"category","embeddable":true,"href":"http:\/\/jenni.brichzin.de\/en\/wp-json\/wp\/v2\/categories?post=259"},{"taxonomy":"post_tag","embeddable":true,"href":"http:\/\/jenni.brichzin.de\/en\/wp-json\/wp\/v2\/tags?post=259"}],"curies":[{"name":"wp","href":"https:\/\/api.w.org\/{rel}","templated":true}]}}